{"id":1423,"date":"2022-08-17T14:01:00","date_gmt":"2022-08-17T14:01:00","guid":{"rendered":"https:\/\/www.gitedesreys.fr\/?p=1423"},"modified":"2022-11-18T14:12:30","modified_gmt":"2022-11-18T14:12:30","slug":"premiers-sons-dans-la-grande-salle-de-musique","status":"publish","type":"post","link":"https:\/\/www.gitedesreys.fr\/?p=1423","title":{"rendered":"Premiers sons dans la grande salle de musique"},"content":{"rendered":"\t\t<div data-elementor-type=\"wp-post\" data-elementor-id=\"1423\" class=\"elementor elementor-1423\">\n\t\t\t\t\t\t<section class=\"elementor-section elementor-top-section elementor-element elementor-element-23b57b6b elementor-section-boxed elementor-section-height-default elementor-section-height-default\" data-id=\"23b57b6b\" data-element_type=\"section\" data-e-type=\"section\">\n\t\t\t\t\t\t<div class=\"elementor-container elementor-column-gap-default\">\n\t\t\t\t\t<div class=\"elementor-column elementor-col-100 elementor-top-column elementor-element elementor-element-22ef838c\" data-id=\"22ef838c\" data-element_type=\"column\" data-e-type=\"column\">\n\t\t\t<div class=\"elementor-widget-wrap elementor-element-populated\">\n\t\t\t\t\t\t<div class=\"elementor-element elementor-element-327ecfd0 elementor-widget elementor-widget-heading\" data-id=\"327ecfd0\" data-element_type=\"widget\" data-e-type=\"widget\" data-widget_type=\"heading.default\">\n\t\t\t\t<div class=\"elementor-widget-container\">\n\t\t\t\t\t<h2 class=\"elementor-heading-title elementor-size-default\">Aout 2022<\/h2>\t\t\t\t<\/div>\n\t\t\t\t<\/div>\n\t\t\t\t\t<\/div>\n\t\t<\/div>\n\t\t\t\t\t<\/div>\n\t\t<\/section>\n\t\t\t\t<section class=\"elementor-section elementor-top-section elementor-element elementor-element-127575a elementor-section-boxed elementor-section-height-default elementor-section-height-default\" data-id=\"127575a\" data-element_type=\"section\" data-e-type=\"section\">\n\t\t\t\t\t\t<div class=\"elementor-container elementor-column-gap-default\">\n\t\t\t\t\t<div class=\"elementor-column elementor-col-50 elementor-top-column elementor-element elementor-element-67f0d9f0\" data-id=\"67f0d9f0\" data-element_type=\"column\" data-e-type=\"column\">\n\t\t\t<div class=\"elementor-widget-wrap elementor-element-populated\">\n\t\t\t\t\t\t<div class=\"elementor-element elementor-element-56239b19 elementor-widget elementor-widget-text-editor\" data-id=\"56239b19\" data-element_type=\"widget\" data-e-type=\"widget\" data-widget_type=\"text-editor.default\">\n\t\t\t\t<div class=\"elementor-widget-container\">\n\t\t\t\t\t\t\t\t\t<p>C\u2019est que nous en avons eu, de la visite, cet \u00e9t\u00e9 ! La chaleur, la curiosit\u00e9 et l\u2019amiti\u00e9 ont fait monter aux Reys bon nombre d\u2019amis et de proche. L\u2019occasion, avec les musiciens et leurs enfants, d\u2019inaugurer de mani\u00e8re informelle et bruyante notre salle de musique \u2026<\/p>\t\t\t\t\t\t\t\t<\/div>\n\t\t\t\t<\/div>\n\t\t\t\t\t<\/div>\n\t\t<\/div>\n\t\t\t\t<div class=\"elementor-column elementor-col-50 elementor-top-column elementor-element elementor-element-33bb163f\" data-id=\"33bb163f\" data-element_type=\"column\" data-e-type=\"column\">\n\t\t\t<div class=\"elementor-widget-wrap elementor-element-populated\">\n\t\t\t\t\t\t<div class=\"elementor-element elementor-element-37d9ab4e elementor-widget elementor-widget-image\" data-id=\"37d9ab4e\" data-element_type=\"widget\" data-e-type=\"widget\" data-widget_type=\"image.default\">\n\t\t\t\t<div class=\"elementor-widget-container\">\n\t\t\t\t\t\t\t\t\t\t\t\t\t\t\t<img fetchpriority=\"high\" decoding=\"async\" width=\"1024\" height=\"768\" src=\"https:\/\/www.gitedesreys.fr\/wp-content\/uploads\/2022\/08\/IMG-5676-1024x768.jpg\" class=\"attachment-large size-large wp-image-1307\" alt=\"\" srcset=\"https:\/\/www.gitedesreys.fr\/wp-content\/uploads\/2022\/08\/IMG-5676-1024x768.jpg 1024w, https:\/\/www.gitedesreys.fr\/wp-content\/uploads\/2022\/08\/IMG-5676-300x225.jpg 300w, https:\/\/www.gitedesreys.fr\/wp-content\/uploads\/2022\/08\/IMG-5676-768x576.jpg 768w, https:\/\/www.gitedesreys.fr\/wp-content\/uploads\/2022\/08\/IMG-5676-1536x1152.jpg 1536w, https:\/\/www.gitedesreys.fr\/wp-content\/uploads\/2022\/08\/IMG-5676-2048x1536.jpg 2048w\" sizes=\"(max-width: 1024px) 100vw, 1024px\" \/>\t\t\t\t\t\t\t\t\t\t\t\t\t\t\t<\/div>\n\t\t\t\t<\/div>\n\t\t\t\t\t<\/div>\n\t\t<\/div>\n\t\t\t\t\t<\/div>\n\t\t<\/section>\n\t\t\t\t<\/div>\n\t\t","protected":false},"excerpt":{"rendered":"<p>Aout 2022 C\u2019est que nous en avons eu, de la visite, cet \u00e9t\u00e9 ! La chaleur, la curiosit\u00e9 et l\u2019amiti\u00e9 ont fait monter aux Reys bon nombre d\u2019amis et de proche. L\u2019occasion, avec les musiciens et leurs enfants, d\u2019inaugurer de mani\u00e8re informelle et bruyante notre salle de musique \u2026<\/p>\n","protected":false},"author":1,"featured_media":1307,"comment_status":"open","ping_status":"open","sticky":false,"template":"","format":"standard","meta":{"ocean_post_layout":"","ocean_both_sidebars_style":"","ocean_both_sidebars_content_width":0,"ocean_both_sidebars_sidebars_width":0,"ocean_sidebar":"0","ocean_second_sidebar":"0","ocean_disable_margins":"enable","ocean_add_body_class":"","ocean_shortcode_before_top_bar":"","ocean_shortcode_after_top_bar":"","ocean_shortcode_before_header":"","ocean_shortcode_after_header":"","ocean_has_shortcode":"","ocean_shortcode_after_title":"","ocean_shortcode_before_footer_widgets":"","ocean_shortcode_after_footer_widgets":"","ocean_shortcode_before_footer_bottom":"","ocean_shortcode_after_footer_bottom":"","ocean_display_top_bar":"default","ocean_display_header":"default","ocean_header_style":"","ocean_center_header_left_menu":"0","ocean_custom_header_template":"0","ocean_custom_logo":0,"ocean_custom_retina_logo":0,"ocean_custom_logo_max_width":0,"ocean_custom_logo_tablet_max_width":0,"ocean_custom_logo_mobile_max_width":0,"ocean_custom_logo_max_height":0,"ocean_custom_logo_tablet_max_height":0,"ocean_custom_logo_mobile_max_height":0,"ocean_header_custom_menu":"0","ocean_menu_typo_font_family":"0","ocean_menu_typo_font_subset":"","ocean_menu_typo_font_size":0,"ocean_menu_typo_font_size_tablet":0,"ocean_menu_typo_font_size_mobile":0,"ocean_menu_typo_font_size_unit":"px","ocean_menu_typo_font_weight":"","ocean_menu_typo_font_weight_tablet":"","ocean_menu_typo_font_weight_mobile":"","ocean_menu_typo_transform":"","ocean_menu_typo_transform_tablet":"","ocean_menu_typo_transform_mobile":"","ocean_menu_typo_line_height":0,"ocean_menu_typo_line_height_tablet":0,"ocean_menu_typo_line_height_mobile":0,"ocean_menu_typo_line_height_unit":"","ocean_menu_typo_spacing":0,"ocean_menu_typo_spacing_tablet":0,"ocean_menu_typo_spacing_mobile":0,"ocean_menu_typo_spacing_unit":"","ocean_menu_link_color":"","ocean_menu_link_color_hover":"","ocean_menu_link_color_active":"","ocean_menu_link_background":"","ocean_menu_link_hover_background":"","ocean_menu_link_active_background":"","ocean_menu_social_links_bg":"","ocean_menu_social_hover_links_bg":"","ocean_menu_social_links_color":"","ocean_menu_social_hover_links_color":"","ocean_disable_title":"default","ocean_disable_heading":"default","ocean_post_title":"","ocean_post_subheading":"","ocean_post_title_style":"","ocean_post_title_background_color":"","ocean_post_title_background":0,"ocean_post_title_bg_image_position":"","ocean_post_title_bg_image_attachment":"","ocean_post_title_bg_image_repeat":"","ocean_post_title_bg_image_size":"","ocean_post_title_height":0,"ocean_post_title_bg_overlay":0.5,"ocean_post_title_bg_overlay_color":"","ocean_disable_breadcrumbs":"default","ocean_breadcrumbs_color":"","ocean_breadcrumbs_separator_color":"","ocean_breadcrumbs_links_color":"","ocean_breadcrumbs_links_hover_color":"","ocean_display_footer_widgets":"default","ocean_display_footer_bottom":"default","ocean_custom_footer_template":"0","ocean_post_oembed":"","ocean_post_self_hosted_media":"","ocean_post_video_embed":"","ocean_link_format":"","ocean_link_format_target":"self","ocean_quote_format":"","ocean_quote_format_link":"post","ocean_gallery_link_images":"off","ocean_gallery_id":[],"footnotes":""},"categories":[1],"tags":[],"class_list":["post-1423","post","type-post","status-publish","format-standard","has-post-thumbnail","hentry","category-uncategorized","entry","has-media"],"yoast_head":"<!-- This site is optimized with the Yoast SEO plugin v27.4 - https:\/\/yoast.com\/product\/yoast-seo-wordpress\/ -->\n<title>Premiers sons dans la grande salle de musique - www.gitedesreys.fr<\/title>\n<meta name=\"robots\" content=\"index, follow, max-snippet:-1, max-image-preview:large, max-video-preview:-1\" \/>\n<link rel=\"canonical\" href=\"https:\/\/www.gitedesreys.fr\/?p=1423\" \/>\n<meta property=\"og:locale\" content=\"fr_FR\" \/>\n<meta property=\"og:type\" content=\"article\" \/>\n<meta property=\"og:title\" content=\"Premiers sons dans la grande salle de musique - www.gitedesreys.fr\" \/>\n<meta property=\"og:description\" content=\"Aout 2022 C\u2019est que nous en avons eu, de la visite, cet \u00e9t\u00e9 ! La chaleur, la curiosit\u00e9 et l\u2019amiti\u00e9 ont fait monter aux Reys bon nombre d\u2019amis et de proche. L\u2019occasion, avec les musiciens et leurs enfants, d\u2019inaugurer de mani\u00e8re informelle et bruyante notre salle de musique \u2026\" \/>\n<meta property=\"og:url\" content=\"https:\/\/www.gitedesreys.fr\/?p=1423\" \/>\n<meta property=\"og:site_name\" content=\"www.gitedesreys.fr\" \/>\n<meta property=\"article:published_time\" content=\"2022-08-17T14:01:00+00:00\" \/>\n<meta property=\"article:modified_time\" content=\"2022-11-18T14:12:30+00:00\" \/>\n<meta property=\"og:image\" content=\"https:\/\/www.gitedesreys.fr\/wp-content\/uploads\/2022\/08\/IMG-5676-scaled.jpg\" \/>\n\t<meta property=\"og:image:width\" content=\"2560\" \/>\n\t<meta property=\"og:image:height\" content=\"1920\" \/>\n\t<meta property=\"og:image:type\" content=\"image\/jpeg\" \/>\n<meta name=\"author\" content=\"admin\" \/>\n<meta name=\"twitter:card\" content=\"summary_large_image\" \/>\n<meta name=\"twitter:label1\" content=\"\u00c9crit par\" \/>\n\t<meta name=\"twitter:data1\" content=\"admin\" \/>\n\t<meta name=\"twitter:label2\" content=\"Dur\u00e9e de lecture estim\u00e9e\" \/>\n\t<meta name=\"twitter:data2\" content=\"1 minute\" \/>\n<script type=\"application\/ld+json\" class=\"yoast-schema-graph\">{\"@context\":\"https:\\\/\\\/schema.org\",\"@graph\":[{\"@type\":\"Article\",\"@id\":\"https:\\\/\\\/www.gitedesreys.fr\\\/?p=1423#article\",\"isPartOf\":{\"@id\":\"https:\\\/\\\/www.gitedesreys.fr\\\/?p=1423\"},\"author\":{\"name\":\"admin\",\"@id\":\"https:\\\/\\\/www.gitedesreys.fr\\\/#\\\/schema\\\/person\\\/cb3cab7762902c1dae237002e295cbd9\"},\"headline\":\"Premiers sons dans la grande salle de musique\",\"datePublished\":\"2022-08-17T14:01:00+00:00\",\"dateModified\":\"2022-11-18T14:12:30+00:00\",\"mainEntityOfPage\":{\"@id\":\"https:\\\/\\\/www.gitedesreys.fr\\\/?p=1423\"},\"wordCount\":60,\"commentCount\":0,\"publisher\":{\"@id\":\"https:\\\/\\\/www.gitedesreys.fr\\\/#organization\"},\"image\":{\"@id\":\"https:\\\/\\\/www.gitedesreys.fr\\\/?p=1423#primaryimage\"},\"thumbnailUrl\":\"https:\\\/\\\/www.gitedesreys.fr\\\/wp-content\\\/uploads\\\/2022\\\/08\\\/IMG-5676-scaled.jpg\",\"articleSection\":[\"Uncategorized\"],\"inLanguage\":\"fr-FR\",\"potentialAction\":[{\"@type\":\"CommentAction\",\"name\":\"Comment\",\"target\":[\"https:\\\/\\\/www.gitedesreys.fr\\\/?p=1423#respond\"]}]},{\"@type\":\"WebPage\",\"@id\":\"https:\\\/\\\/www.gitedesreys.fr\\\/?p=1423\",\"url\":\"https:\\\/\\\/www.gitedesreys.fr\\\/?p=1423\",\"name\":\"Premiers sons dans la grande salle de musique - www.gitedesreys.fr\",\"isPartOf\":{\"@id\":\"https:\\\/\\\/www.gitedesreys.fr\\\/#website\"},\"primaryImageOfPage\":{\"@id\":\"https:\\\/\\\/www.gitedesreys.fr\\\/?p=1423#primaryimage\"},\"image\":{\"@id\":\"https:\\\/\\\/www.gitedesreys.fr\\\/?p=1423#primaryimage\"},\"thumbnailUrl\":\"https:\\\/\\\/www.gitedesreys.fr\\\/wp-content\\\/uploads\\\/2022\\\/08\\\/IMG-5676-scaled.jpg\",\"datePublished\":\"2022-08-17T14:01:00+00:00\",\"dateModified\":\"2022-11-18T14:12:30+00:00\",\"breadcrumb\":{\"@id\":\"https:\\\/\\\/www.gitedesreys.fr\\\/?p=1423#breadcrumb\"},\"inLanguage\":\"fr-FR\",\"potentialAction\":[{\"@type\":\"ReadAction\",\"target\":[\"https:\\\/\\\/www.gitedesreys.fr\\\/?p=1423\"]}]},{\"@type\":\"ImageObject\",\"inLanguage\":\"fr-FR\",\"@id\":\"https:\\\/\\\/www.gitedesreys.fr\\\/?p=1423#primaryimage\",\"url\":\"https:\\\/\\\/www.gitedesreys.fr\\\/wp-content\\\/uploads\\\/2022\\\/08\\\/IMG-5676-scaled.jpg\",\"contentUrl\":\"https:\\\/\\\/www.gitedesreys.fr\\\/wp-content\\\/uploads\\\/2022\\\/08\\\/IMG-5676-scaled.jpg\",\"width\":2560,\"height\":1920},{\"@type\":\"BreadcrumbList\",\"@id\":\"https:\\\/\\\/www.gitedesreys.fr\\\/?p=1423#breadcrumb\",\"itemListElement\":[{\"@type\":\"ListItem\",\"position\":1,\"name\":\"Accueil\",\"item\":\"https:\\\/\\\/www.gitedesreys.fr\\\/\"},{\"@type\":\"ListItem\",\"position\":2,\"name\":\"Premiers sons dans la grande salle de musique\"}]},{\"@type\":\"WebSite\",\"@id\":\"https:\\\/\\\/www.gitedesreys.fr\\\/#website\",\"url\":\"https:\\\/\\\/www.gitedesreys.fr\\\/\",\"name\":\"www.gitedesreys.fr\",\"description\":\"Un cadre montagnard magique\",\"publisher\":{\"@id\":\"https:\\\/\\\/www.gitedesreys.fr\\\/#organization\"},\"potentialAction\":[{\"@type\":\"SearchAction\",\"target\":{\"@type\":\"EntryPoint\",\"urlTemplate\":\"https:\\\/\\\/www.gitedesreys.fr\\\/?s={search_term_string}\"},\"query-input\":{\"@type\":\"PropertyValueSpecification\",\"valueRequired\":true,\"valueName\":\"search_term_string\"}}],\"inLanguage\":\"fr-FR\"},{\"@type\":\"Organization\",\"@id\":\"https:\\\/\\\/www.gitedesreys.fr\\\/#organization\",\"name\":\"www.gitedesreys.fr\",\"url\":\"https:\\\/\\\/www.gitedesreys.fr\\\/\",\"logo\":{\"@type\":\"ImageObject\",\"inLanguage\":\"fr-FR\",\"@id\":\"https:\\\/\\\/www.gitedesreys.fr\\\/#\\\/schema\\\/logo\\\/image\\\/\",\"url\":\"https:\\\/\\\/www.gitedesreys.fr\\\/wp-content\\\/uploads\\\/2022\\\/05\\\/GiteDesReys2.png\",\"contentUrl\":\"https:\\\/\\\/www.gitedesreys.fr\\\/wp-content\\\/uploads\\\/2022\\\/05\\\/GiteDesReys2.png\",\"width\":1024,\"height\":768,\"caption\":\"www.gitedesreys.fr\"},\"image\":{\"@id\":\"https:\\\/\\\/www.gitedesreys.fr\\\/#\\\/schema\\\/logo\\\/image\\\/\"}},{\"@type\":\"Person\",\"@id\":\"https:\\\/\\\/www.gitedesreys.fr\\\/#\\\/schema\\\/person\\\/cb3cab7762902c1dae237002e295cbd9\",\"name\":\"admin\",\"image\":{\"@type\":\"ImageObject\",\"inLanguage\":\"fr-FR\",\"@id\":\"https:\\\/\\\/secure.gravatar.com\\\/avatar\\\/be48a4a229ff418de201ef46b8a8e1706c8044a02aecf7e28a09689bfb577c0c?s=96&d=mm&r=g\",\"url\":\"https:\\\/\\\/secure.gravatar.com\\\/avatar\\\/be48a4a229ff418de201ef46b8a8e1706c8044a02aecf7e28a09689bfb577c0c?s=96&d=mm&r=g\",\"contentUrl\":\"https:\\\/\\\/secure.gravatar.com\\\/avatar\\\/be48a4a229ff418de201ef46b8a8e1706c8044a02aecf7e28a09689bfb577c0c?s=96&d=mm&r=g\",\"caption\":\"admin\"},\"sameAs\":[\"https:\\\/\\\/www.gitedesreys.fr\"],\"url\":\"https:\\\/\\\/www.gitedesreys.fr\\\/?author=1\"}]}<\/script>\n<!-- \/ Yoast SEO plugin. -->","yoast_head_json":{"title":"Premiers sons dans la grande salle de musique - www.gitedesreys.fr","robots":{"index":"index","follow":"follow","max-snippet":"max-snippet:-1","max-image-preview":"max-image-preview:large","max-video-preview":"max-video-preview:-1"},"canonical":"https:\/\/www.gitedesreys.fr\/?p=1423","og_locale":"fr_FR","og_type":"article","og_title":"Premiers sons dans la grande salle de musique - www.gitedesreys.fr","og_description":"Aout 2022 C\u2019est que nous en avons eu, de la visite, cet \u00e9t\u00e9 ! La chaleur, la curiosit\u00e9 et l\u2019amiti\u00e9 ont fait monter aux Reys bon nombre d\u2019amis et de proche. L\u2019occasion, avec les musiciens et leurs enfants, d\u2019inaugurer de mani\u00e8re informelle et bruyante notre salle de musique \u2026","og_url":"https:\/\/www.gitedesreys.fr\/?p=1423","og_site_name":"www.gitedesreys.fr","article_published_time":"2022-08-17T14:01:00+00:00","article_modified_time":"2022-11-18T14:12:30+00:00","og_image":[{"width":2560,"height":1920,"url":"https:\/\/www.gitedesreys.fr\/wp-content\/uploads\/2022\/08\/IMG-5676-scaled.jpg","type":"image\/jpeg"}],"author":"admin","twitter_card":"summary_large_image","twitter_misc":{"\u00c9crit par":"admin","Dur\u00e9e de lecture estim\u00e9e":"1 minute"},"schema":{"@context":"https:\/\/schema.org","@graph":[{"@type":"Article","@id":"https:\/\/www.gitedesreys.fr\/?p=1423#article","isPartOf":{"@id":"https:\/\/www.gitedesreys.fr\/?p=1423"},"author":{"name":"admin","@id":"https:\/\/www.gitedesreys.fr\/#\/schema\/person\/cb3cab7762902c1dae237002e295cbd9"},"headline":"Premiers sons dans la grande salle de musique","datePublished":"2022-08-17T14:01:00+00:00","dateModified":"2022-11-18T14:12:30+00:00","mainEntityOfPage":{"@id":"https:\/\/www.gitedesreys.fr\/?p=1423"},"wordCount":60,"commentCount":0,"publisher":{"@id":"https:\/\/www.gitedesreys.fr\/#organization"},"image":{"@id":"https:\/\/www.gitedesreys.fr\/?p=1423#primaryimage"},"thumbnailUrl":"https:\/\/www.gitedesreys.fr\/wp-content\/uploads\/2022\/08\/IMG-5676-scaled.jpg","articleSection":["Uncategorized"],"inLanguage":"fr-FR","potentialAction":[{"@type":"CommentAction","name":"Comment","target":["https:\/\/www.gitedesreys.fr\/?p=1423#respond"]}]},{"@type":"WebPage","@id":"https:\/\/www.gitedesreys.fr\/?p=1423","url":"https:\/\/www.gitedesreys.fr\/?p=1423","name":"Premiers sons dans la grande salle de musique - www.gitedesreys.fr","isPartOf":{"@id":"https:\/\/www.gitedesreys.fr\/#website"},"primaryImageOfPage":{"@id":"https:\/\/www.gitedesreys.fr\/?p=1423#primaryimage"},"image":{"@id":"https:\/\/www.gitedesreys.fr\/?p=1423#primaryimage"},"thumbnailUrl":"https:\/\/www.gitedesreys.fr\/wp-content\/uploads\/2022\/08\/IMG-5676-scaled.jpg","datePublished":"2022-08-17T14:01:00+00:00","dateModified":"2022-11-18T14:12:30+00:00","breadcrumb":{"@id":"https:\/\/www.gitedesreys.fr\/?p=1423#breadcrumb"},"inLanguage":"fr-FR","potentialAction":[{"@type":"ReadAction","target":["https:\/\/www.gitedesreys.fr\/?p=1423"]}]},{"@type":"ImageObject","inLanguage":"fr-FR","@id":"https:\/\/www.gitedesreys.fr\/?p=1423#primaryimage","url":"https:\/\/www.gitedesreys.fr\/wp-content\/uploads\/2022\/08\/IMG-5676-scaled.jpg","contentUrl":"https:\/\/www.gitedesreys.fr\/wp-content\/uploads\/2022\/08\/IMG-5676-scaled.jpg","width":2560,"height":1920},{"@type":"BreadcrumbList","@id":"https:\/\/www.gitedesreys.fr\/?p=1423#breadcrumb","itemListElement":[{"@type":"ListItem","position":1,"name":"Accueil","item":"https:\/\/www.gitedesreys.fr\/"},{"@type":"ListItem","position":2,"name":"Premiers sons dans la grande salle de musique"}]},{"@type":"WebSite","@id":"https:\/\/www.gitedesreys.fr\/#website","url":"https:\/\/www.gitedesreys.fr\/","name":"www.gitedesreys.fr","description":"Un cadre montagnard magique","publisher":{"@id":"https:\/\/www.gitedesreys.fr\/#organization"},"potentialAction":[{"@type":"SearchAction","target":{"@type":"EntryPoint","urlTemplate":"https:\/\/www.gitedesreys.fr\/?s={search_term_string}"},"query-input":{"@type":"PropertyValueSpecification","valueRequired":true,"valueName":"search_term_string"}}],"inLanguage":"fr-FR"},{"@type":"Organization","@id":"https:\/\/www.gitedesreys.fr\/#organization","name":"www.gitedesreys.fr","url":"https:\/\/www.gitedesreys.fr\/","logo":{"@type":"ImageObject","inLanguage":"fr-FR","@id":"https:\/\/www.gitedesreys.fr\/#\/schema\/logo\/image\/","url":"https:\/\/www.gitedesreys.fr\/wp-content\/uploads\/2022\/05\/GiteDesReys2.png","contentUrl":"https:\/\/www.gitedesreys.fr\/wp-content\/uploads\/2022\/05\/GiteDesReys2.png","width":1024,"height":768,"caption":"www.gitedesreys.fr"},"image":{"@id":"https:\/\/www.gitedesreys.fr\/#\/schema\/logo\/image\/"}},{"@type":"Person","@id":"https:\/\/www.gitedesreys.fr\/#\/schema\/person\/cb3cab7762902c1dae237002e295cbd9","name":"admin","image":{"@type":"ImageObject","inLanguage":"fr-FR","@id":"https:\/\/secure.gravatar.com\/avatar\/be48a4a229ff418de201ef46b8a8e1706c8044a02aecf7e28a09689bfb577c0c?s=96&d=mm&r=g","url":"https:\/\/secure.gravatar.com\/avatar\/be48a4a229ff418de201ef46b8a8e1706c8044a02aecf7e28a09689bfb577c0c?s=96&d=mm&r=g","contentUrl":"https:\/\/secure.gravatar.com\/avatar\/be48a4a229ff418de201ef46b8a8e1706c8044a02aecf7e28a09689bfb577c0c?s=96&d=mm&r=g","caption":"admin"},"sameAs":["https:\/\/www.gitedesreys.fr"],"url":"https:\/\/www.gitedesreys.fr\/?author=1"}]}},"_links":{"self":[{"href":"https:\/\/www.gitedesreys.fr\/index.php?rest_route=\/wp\/v2\/posts\/1423","targetHints":{"allow":["GET"]}}],"collection":[{"href":"https:\/\/www.gitedesreys.fr\/index.php?rest_route=\/wp\/v2\/posts"}],"about":[{"href":"https:\/\/www.gitedesreys.fr\/index.php?rest_route=\/wp\/v2\/types\/post"}],"author":[{"embeddable":true,"href":"https:\/\/www.gitedesreys.fr\/index.php?rest_route=\/wp\/v2\/users\/1"}],"replies":[{"embeddable":true,"href":"https:\/\/www.gitedesreys.fr\/index.php?rest_route=%2Fwp%2Fv2%2Fcomments&post=1423"}],"version-history":[{"count":6,"href":"https:\/\/www.gitedesreys.fr\/index.php?rest_route=\/wp\/v2\/posts\/1423\/revisions"}],"predecessor-version":[{"id":1434,"href":"https:\/\/www.gitedesreys.fr\/index.php?rest_route=\/wp\/v2\/posts\/1423\/revisions\/1434"}],"wp:featuredmedia":[{"embeddable":true,"href":"https:\/\/www.gitedesreys.fr\/index.php?rest_route=\/wp\/v2\/media\/1307"}],"wp:attachment":[{"href":"https:\/\/www.gitedesreys.fr\/index.php?rest_route=%2Fwp%2Fv2%2Fmedia&parent=1423"}],"wp:term":[{"taxonomy":"category","embeddable":true,"href":"https:\/\/www.gitedesreys.fr\/index.php?rest_route=%2Fwp%2Fv2%2Fcategories&post=1423"},{"taxonomy":"post_tag","embeddable":true,"href":"https:\/\/www.gitedesreys.fr\/index.php?rest_route=%2Fwp%2Fv2%2Ftags&post=1423"}],"curies":[{"name":"wp","href":"https:\/\/api.w.org\/{rel}","templated":true}]}}