{"id":1977,"date":"2024-02-19T19:42:52","date_gmt":"2024-02-19T19:42:52","guid":{"rendered":"https:\/\/www.gitedesreys.fr\/?p=1977"},"modified":"2024-12-11T10:52:49","modified_gmt":"2024-12-11T10:52:49","slug":"o","status":"publish","type":"post","link":"https:\/\/www.gitedesreys.fr\/?p=1977","title":{"rendered":"Un hiver pour r\u00e9fl\u00e9chir"},"content":{"rendered":"\n<div class=\"wp-block-cover is-light\"><span aria-hidden=\"true\" class=\"wp-block-cover__background has-background-dim\"><\/span><img fetchpriority=\"high\" decoding=\"async\" width=\"2560\" height=\"1439\" class=\"wp-block-cover__image-background wp-image-1980\" alt=\"\" src=\"https:\/\/www.gitedesreys.fr\/wp-content\/uploads\/2024\/02\/P1160410-scaled.jpg\" data-object-fit=\"cover\" srcset=\"https:\/\/www.gitedesreys.fr\/wp-content\/uploads\/2024\/02\/P1160410-scaled.jpg 2560w, https:\/\/www.gitedesreys.fr\/wp-content\/uploads\/2024\/02\/P1160410-300x169.jpg 300w, https:\/\/www.gitedesreys.fr\/wp-content\/uploads\/2024\/02\/P1160410-1024x575.jpg 1024w, https:\/\/www.gitedesreys.fr\/wp-content\/uploads\/2024\/02\/P1160410-768x432.jpg 768w, https:\/\/www.gitedesreys.fr\/wp-content\/uploads\/2024\/02\/P1160410-1536x863.jpg 1536w, https:\/\/www.gitedesreys.fr\/wp-content\/uploads\/2024\/02\/P1160410-2048x1151.jpg 2048w, https:\/\/www.gitedesreys.fr\/wp-content\/uploads\/2024\/02\/P1160410-800x450.jpg 800w\" sizes=\"(max-width: 2560px) 100vw, 2560px\" \/><div class=\"wp-block-cover__inner-container is-layout-flow wp-block-cover-is-layout-flow\">\n<p class=\"has-text-align-center has-large-font-size\"><\/p>\n<\/div><\/div>\n\n\n\n<p class=\"has-black-color has-text-color has-link-color wp-elements-9ac00cf961d1ea846fe5a532228b76c6\"><\/p>\n\n\n\n<p class=\"has-black-color has-text-color has-link-color wp-elements-e66839132fd316a1f4fafa7c31108d27\">Le retour du  froid nous a permis de nous rendre compte que la salle de musique \u00e9tait chauffable ou du moins temp\u00e9rable et que des activit\u00e9s pouvaient donc avoir lieu l&rsquo;hiver. Mais nous appr\u00e9cions cette saison vide que nous pouvons consacrer au voisinage, \u00e0 l&rsquo;\u00e9tude de notre terrain d&rsquo;\u00e9lection hyper rural, et ce, d&rsquo;autant plus que le mouvement paysan a permis l&rsquo;\u00e9bauche d&rsquo;un d\u00e9bat g\u00e9n\u00e9ralis\u00e9 sur l&rsquo;agriculture.<\/p>\n\n\n\n<p class=\"has-black-color has-text-color has-link-color wp-elements-98a827a25890ca6ea4b96df9079fb1c5\">Nous avons d\u00e9cid\u00e9 de changer notre politique d&rsquo;accueil, trouvant la promiscuit\u00e9 du g\u00eete et de nos habitations nuisible au plaisir des h\u00f4tes. Nous tentons une labellisation par le Parc R\u00e9gional pour profiter des formations sur le patrimoine naturel et humain de notre territoire ard\u00e9chois, pour pouvoir ensuite nous en faire les chantres et les m\u00e9diateurs. En r\u00e9flexion, des propositions de veill\u00e9es cont\u00e9es, de balades d&rsquo;observation du paysage avec les ch\u00e8vres, etc &#8230;<\/p>\n","protected":false},"excerpt":{"rendered":"<p>Le retour du froid nous a permis de nous rendre compte que la salle de musique \u00e9tait chauffable ou du moins temp\u00e9rable et que des activit\u00e9s pouvaient donc avoir lieu l&rsquo;hiver. Mais nous appr\u00e9cions cette saison vide que nous pouvons consacrer au voisinage, \u00e0 l&rsquo;\u00e9tude de notre terrain d&rsquo;\u00e9lection hyper rural, et ce, d&rsquo;autant plus [&hellip;]<\/p>\n","protected":false},"author":1,"featured_media":1978,"comment_status":"open","ping_status":"open","sticky":false,"template":"","format":"standard","meta":{"ocean_post_layout":"","ocean_both_sidebars_style":"","ocean_both_sidebars_content_width":0,"ocean_both_sidebars_sidebars_width":0,"ocean_sidebar":"","ocean_second_sidebar":"","ocean_disable_margins":"enable","ocean_add_body_class":"","ocean_shortcode_before_top_bar":"","ocean_shortcode_after_top_bar":"","ocean_shortcode_before_header":"","ocean_shortcode_after_header":"","ocean_has_shortcode":"","ocean_shortcode_after_title":"","ocean_shortcode_before_footer_widgets":"","ocean_shortcode_after_footer_widgets":"","ocean_shortcode_before_footer_bottom":"","ocean_shortcode_after_footer_bottom":"","ocean_display_top_bar":"default","ocean_display_header":"default","ocean_header_style":"","ocean_center_header_left_menu":"","ocean_custom_header_template":"","ocean_custom_logo":0,"ocean_custom_retina_logo":0,"ocean_custom_logo_max_width":0,"ocean_custom_logo_tablet_max_width":0,"ocean_custom_logo_mobile_max_width":0,"ocean_custom_logo_max_height":0,"ocean_custom_logo_tablet_max_height":0,"ocean_custom_logo_mobile_max_height":0,"ocean_header_custom_menu":"","ocean_menu_typo_font_family":"","ocean_menu_typo_font_subset":"","ocean_menu_typo_font_size":0,"ocean_menu_typo_font_size_tablet":0,"ocean_menu_typo_font_size_mobile":0,"ocean_menu_typo_font_size_unit":"px","ocean_menu_typo_font_weight":"","ocean_menu_typo_font_weight_tablet":"","ocean_menu_typo_font_weight_mobile":"","ocean_menu_typo_transform":"","ocean_menu_typo_transform_tablet":"","ocean_menu_typo_transform_mobile":"","ocean_menu_typo_line_height":0,"ocean_menu_typo_line_height_tablet":0,"ocean_menu_typo_line_height_mobile":0,"ocean_menu_typo_line_height_unit":"","ocean_menu_typo_spacing":0,"ocean_menu_typo_spacing_tablet":0,"ocean_menu_typo_spacing_mobile":0,"ocean_menu_typo_spacing_unit":"","ocean_menu_link_color":"","ocean_menu_link_color_hover":"","ocean_menu_link_color_active":"","ocean_menu_link_background":"","ocean_menu_link_hover_background":"","ocean_menu_link_active_background":"","ocean_menu_social_links_bg":"","ocean_menu_social_hover_links_bg":"","ocean_menu_social_links_color":"","ocean_menu_social_hover_links_color":"","ocean_disable_title":"default","ocean_disable_heading":"default","ocean_post_title":"","ocean_post_subheading":"","ocean_post_title_style":"","ocean_post_title_background_color":"","ocean_post_title_background":0,"ocean_post_title_bg_image_position":"","ocean_post_title_bg_image_attachment":"","ocean_post_title_bg_image_repeat":"","ocean_post_title_bg_image_size":"","ocean_post_title_height":0,"ocean_post_title_bg_overlay":0.5,"ocean_post_title_bg_overlay_color":"","ocean_disable_breadcrumbs":"default","ocean_breadcrumbs_color":"","ocean_breadcrumbs_separator_color":"","ocean_breadcrumbs_links_color":"","ocean_breadcrumbs_links_hover_color":"","ocean_display_footer_widgets":"default","ocean_display_footer_bottom":"default","ocean_custom_footer_template":"","ocean_post_oembed":"","ocean_post_self_hosted_media":"","ocean_post_video_embed":"","ocean_link_format":"","ocean_link_format_target":"self","ocean_quote_format":"","ocean_quote_format_link":"post","ocean_gallery_link_images":"on","ocean_gallery_id":[],"footnotes":""},"categories":[1],"tags":[],"class_list":["post-1977","post","type-post","status-publish","format-standard","has-post-thumbnail","hentry","category-uncategorized","entry","has-media"],"yoast_head":"<!-- This site is optimized with the Yoast SEO plugin v27.4 - https:\/\/yoast.com\/product\/yoast-seo-wordpress\/ -->\n<title>Un hiver pour r\u00e9fl\u00e9chir - www.gitedesreys.fr<\/title>\n<meta name=\"robots\" content=\"index, follow, max-snippet:-1, max-image-preview:large, max-video-preview:-1\" \/>\n<link rel=\"canonical\" href=\"https:\/\/www.gitedesreys.fr\/?p=1977\" \/>\n<meta property=\"og:locale\" content=\"fr_FR\" \/>\n<meta property=\"og:type\" content=\"article\" \/>\n<meta property=\"og:title\" content=\"Un hiver pour r\u00e9fl\u00e9chir - www.gitedesreys.fr\" \/>\n<meta property=\"og:description\" content=\"Le retour du froid nous a permis de nous rendre compte que la salle de musique \u00e9tait chauffable ou du moins temp\u00e9rable et que des activit\u00e9s pouvaient donc avoir lieu l&rsquo;hiver. Mais nous appr\u00e9cions cette saison vide que nous pouvons consacrer au voisinage, \u00e0 l&rsquo;\u00e9tude de notre terrain d&rsquo;\u00e9lection hyper rural, et ce, d&rsquo;autant plus [&hellip;]\" \/>\n<meta property=\"og:url\" content=\"https:\/\/www.gitedesreys.fr\/?p=1977\" \/>\n<meta property=\"og:site_name\" content=\"www.gitedesreys.fr\" \/>\n<meta property=\"article:published_time\" content=\"2024-02-19T19:42:52+00:00\" \/>\n<meta property=\"article:modified_time\" content=\"2024-12-11T10:52:49+00:00\" \/>\n<meta property=\"og:image\" content=\"https:\/\/www.gitedesreys.fr\/wp-content\/uploads\/2024\/02\/P1160313-scaled.jpg\" \/>\n\t<meta property=\"og:image:width\" content=\"2560\" \/>\n\t<meta property=\"og:image:height\" content=\"1439\" \/>\n\t<meta property=\"og:image:type\" content=\"image\/jpeg\" \/>\n<meta name=\"author\" content=\"admin\" \/>\n<meta name=\"twitter:card\" content=\"summary_large_image\" \/>\n<meta name=\"twitter:label1\" content=\"\u00c9crit par\" \/>\n\t<meta name=\"twitter:data1\" content=\"admin\" \/>\n\t<meta name=\"twitter:label2\" content=\"Dur\u00e9e de lecture estim\u00e9e\" \/>\n\t<meta name=\"twitter:data2\" content=\"2 minutes\" \/>\n<script type=\"application\/ld+json\" class=\"yoast-schema-graph\">{\"@context\":\"https:\\\/\\\/schema.org\",\"@graph\":[{\"@type\":\"Article\",\"@id\":\"https:\\\/\\\/www.gitedesreys.fr\\\/?p=1977#article\",\"isPartOf\":{\"@id\":\"https:\\\/\\\/www.gitedesreys.fr\\\/?p=1977\"},\"author\":{\"name\":\"admin\",\"@id\":\"https:\\\/\\\/www.gitedesreys.fr\\\/#\\\/schema\\\/person\\\/cb3cab7762902c1dae237002e295cbd9\"},\"headline\":\"Un hiver pour r\u00e9fl\u00e9chir\",\"datePublished\":\"2024-02-19T19:42:52+00:00\",\"dateModified\":\"2024-12-11T10:52:49+00:00\",\"mainEntityOfPage\":{\"@id\":\"https:\\\/\\\/www.gitedesreys.fr\\\/?p=1977\"},\"wordCount\":162,\"commentCount\":0,\"publisher\":{\"@id\":\"https:\\\/\\\/www.gitedesreys.fr\\\/#organization\"},\"image\":{\"@id\":\"https:\\\/\\\/www.gitedesreys.fr\\\/?p=1977#primaryimage\"},\"thumbnailUrl\":\"https:\\\/\\\/www.gitedesreys.fr\\\/wp-content\\\/uploads\\\/2024\\\/02\\\/P1160313-scaled.jpg\",\"articleSection\":[\"Uncategorized\"],\"inLanguage\":\"fr-FR\",\"potentialAction\":[{\"@type\":\"CommentAction\",\"name\":\"Comment\",\"target\":[\"https:\\\/\\\/www.gitedesreys.fr\\\/?p=1977#respond\"]}]},{\"@type\":\"WebPage\",\"@id\":\"https:\\\/\\\/www.gitedesreys.fr\\\/?p=1977\",\"url\":\"https:\\\/\\\/www.gitedesreys.fr\\\/?p=1977\",\"name\":\"Un hiver pour r\u00e9fl\u00e9chir - www.gitedesreys.fr\",\"isPartOf\":{\"@id\":\"https:\\\/\\\/www.gitedesreys.fr\\\/#website\"},\"primaryImageOfPage\":{\"@id\":\"https:\\\/\\\/www.gitedesreys.fr\\\/?p=1977#primaryimage\"},\"image\":{\"@id\":\"https:\\\/\\\/www.gitedesreys.fr\\\/?p=1977#primaryimage\"},\"thumbnailUrl\":\"https:\\\/\\\/www.gitedesreys.fr\\\/wp-content\\\/uploads\\\/2024\\\/02\\\/P1160313-scaled.jpg\",\"datePublished\":\"2024-02-19T19:42:52+00:00\",\"dateModified\":\"2024-12-11T10:52:49+00:00\",\"breadcrumb\":{\"@id\":\"https:\\\/\\\/www.gitedesreys.fr\\\/?p=1977#breadcrumb\"},\"inLanguage\":\"fr-FR\",\"potentialAction\":[{\"@type\":\"ReadAction\",\"target\":[\"https:\\\/\\\/www.gitedesreys.fr\\\/?p=1977\"]}]},{\"@type\":\"ImageObject\",\"inLanguage\":\"fr-FR\",\"@id\":\"https:\\\/\\\/www.gitedesreys.fr\\\/?p=1977#primaryimage\",\"url\":\"https:\\\/\\\/www.gitedesreys.fr\\\/wp-content\\\/uploads\\\/2024\\\/02\\\/P1160313-scaled.jpg\",\"contentUrl\":\"https:\\\/\\\/www.gitedesreys.fr\\\/wp-content\\\/uploads\\\/2024\\\/02\\\/P1160313-scaled.jpg\",\"width\":2560,\"height\":1439},{\"@type\":\"BreadcrumbList\",\"@id\":\"https:\\\/\\\/www.gitedesreys.fr\\\/?p=1977#breadcrumb\",\"itemListElement\":[{\"@type\":\"ListItem\",\"position\":1,\"name\":\"Accueil\",\"item\":\"https:\\\/\\\/www.gitedesreys.fr\\\/\"},{\"@type\":\"ListItem\",\"position\":2,\"name\":\"Un hiver pour r\u00e9fl\u00e9chir\"}]},{\"@type\":\"WebSite\",\"@id\":\"https:\\\/\\\/www.gitedesreys.fr\\\/#website\",\"url\":\"https:\\\/\\\/www.gitedesreys.fr\\\/\",\"name\":\"www.gitedesreys.fr\",\"description\":\"Un cadre montagnard magique\",\"publisher\":{\"@id\":\"https:\\\/\\\/www.gitedesreys.fr\\\/#organization\"},\"potentialAction\":[{\"@type\":\"SearchAction\",\"target\":{\"@type\":\"EntryPoint\",\"urlTemplate\":\"https:\\\/\\\/www.gitedesreys.fr\\\/?s={search_term_string}\"},\"query-input\":{\"@type\":\"PropertyValueSpecification\",\"valueRequired\":true,\"valueName\":\"search_term_string\"}}],\"inLanguage\":\"fr-FR\"},{\"@type\":\"Organization\",\"@id\":\"https:\\\/\\\/www.gitedesreys.fr\\\/#organization\",\"name\":\"www.gitedesreys.fr\",\"url\":\"https:\\\/\\\/www.gitedesreys.fr\\\/\",\"logo\":{\"@type\":\"ImageObject\",\"inLanguage\":\"fr-FR\",\"@id\":\"https:\\\/\\\/www.gitedesreys.fr\\\/#\\\/schema\\\/logo\\\/image\\\/\",\"url\":\"https:\\\/\\\/www.gitedesreys.fr\\\/wp-content\\\/uploads\\\/2022\\\/05\\\/GiteDesReys2.png\",\"contentUrl\":\"https:\\\/\\\/www.gitedesreys.fr\\\/wp-content\\\/uploads\\\/2022\\\/05\\\/GiteDesReys2.png\",\"width\":1024,\"height\":768,\"caption\":\"www.gitedesreys.fr\"},\"image\":{\"@id\":\"https:\\\/\\\/www.gitedesreys.fr\\\/#\\\/schema\\\/logo\\\/image\\\/\"}},{\"@type\":\"Person\",\"@id\":\"https:\\\/\\\/www.gitedesreys.fr\\\/#\\\/schema\\\/person\\\/cb3cab7762902c1dae237002e295cbd9\",\"name\":\"admin\",\"image\":{\"@type\":\"ImageObject\",\"inLanguage\":\"fr-FR\",\"@id\":\"https:\\\/\\\/secure.gravatar.com\\\/avatar\\\/be48a4a229ff418de201ef46b8a8e1706c8044a02aecf7e28a09689bfb577c0c?s=96&d=mm&r=g\",\"url\":\"https:\\\/\\\/secure.gravatar.com\\\/avatar\\\/be48a4a229ff418de201ef46b8a8e1706c8044a02aecf7e28a09689bfb577c0c?s=96&d=mm&r=g\",\"contentUrl\":\"https:\\\/\\\/secure.gravatar.com\\\/avatar\\\/be48a4a229ff418de201ef46b8a8e1706c8044a02aecf7e28a09689bfb577c0c?s=96&d=mm&r=g\",\"caption\":\"admin\"},\"sameAs\":[\"https:\\\/\\\/www.gitedesreys.fr\"],\"url\":\"https:\\\/\\\/www.gitedesreys.fr\\\/?author=1\"}]}<\/script>\n<!-- \/ Yoast SEO plugin. -->","yoast_head_json":{"title":"Un hiver pour r\u00e9fl\u00e9chir - www.gitedesreys.fr","robots":{"index":"index","follow":"follow","max-snippet":"max-snippet:-1","max-image-preview":"max-image-preview:large","max-video-preview":"max-video-preview:-1"},"canonical":"https:\/\/www.gitedesreys.fr\/?p=1977","og_locale":"fr_FR","og_type":"article","og_title":"Un hiver pour r\u00e9fl\u00e9chir - www.gitedesreys.fr","og_description":"Le retour du froid nous a permis de nous rendre compte que la salle de musique \u00e9tait chauffable ou du moins temp\u00e9rable et que des activit\u00e9s pouvaient donc avoir lieu l&rsquo;hiver. Mais nous appr\u00e9cions cette saison vide que nous pouvons consacrer au voisinage, \u00e0 l&rsquo;\u00e9tude de notre terrain d&rsquo;\u00e9lection hyper rural, et ce, d&rsquo;autant plus [&hellip;]","og_url":"https:\/\/www.gitedesreys.fr\/?p=1977","og_site_name":"www.gitedesreys.fr","article_published_time":"2024-02-19T19:42:52+00:00","article_modified_time":"2024-12-11T10:52:49+00:00","og_image":[{"width":2560,"height":1439,"url":"https:\/\/www.gitedesreys.fr\/wp-content\/uploads\/2024\/02\/P1160313-scaled.jpg","type":"image\/jpeg"}],"author":"admin","twitter_card":"summary_large_image","twitter_misc":{"\u00c9crit par":"admin","Dur\u00e9e de lecture estim\u00e9e":"2 minutes"},"schema":{"@context":"https:\/\/schema.org","@graph":[{"@type":"Article","@id":"https:\/\/www.gitedesreys.fr\/?p=1977#article","isPartOf":{"@id":"https:\/\/www.gitedesreys.fr\/?p=1977"},"author":{"name":"admin","@id":"https:\/\/www.gitedesreys.fr\/#\/schema\/person\/cb3cab7762902c1dae237002e295cbd9"},"headline":"Un hiver pour r\u00e9fl\u00e9chir","datePublished":"2024-02-19T19:42:52+00:00","dateModified":"2024-12-11T10:52:49+00:00","mainEntityOfPage":{"@id":"https:\/\/www.gitedesreys.fr\/?p=1977"},"wordCount":162,"commentCount":0,"publisher":{"@id":"https:\/\/www.gitedesreys.fr\/#organization"},"image":{"@id":"https:\/\/www.gitedesreys.fr\/?p=1977#primaryimage"},"thumbnailUrl":"https:\/\/www.gitedesreys.fr\/wp-content\/uploads\/2024\/02\/P1160313-scaled.jpg","articleSection":["Uncategorized"],"inLanguage":"fr-FR","potentialAction":[{"@type":"CommentAction","name":"Comment","target":["https:\/\/www.gitedesreys.fr\/?p=1977#respond"]}]},{"@type":"WebPage","@id":"https:\/\/www.gitedesreys.fr\/?p=1977","url":"https:\/\/www.gitedesreys.fr\/?p=1977","name":"Un hiver pour r\u00e9fl\u00e9chir - www.gitedesreys.fr","isPartOf":{"@id":"https:\/\/www.gitedesreys.fr\/#website"},"primaryImageOfPage":{"@id":"https:\/\/www.gitedesreys.fr\/?p=1977#primaryimage"},"image":{"@id":"https:\/\/www.gitedesreys.fr\/?p=1977#primaryimage"},"thumbnailUrl":"https:\/\/www.gitedesreys.fr\/wp-content\/uploads\/2024\/02\/P1160313-scaled.jpg","datePublished":"2024-02-19T19:42:52+00:00","dateModified":"2024-12-11T10:52:49+00:00","breadcrumb":{"@id":"https:\/\/www.gitedesreys.fr\/?p=1977#breadcrumb"},"inLanguage":"fr-FR","potentialAction":[{"@type":"ReadAction","target":["https:\/\/www.gitedesreys.fr\/?p=1977"]}]},{"@type":"ImageObject","inLanguage":"fr-FR","@id":"https:\/\/www.gitedesreys.fr\/?p=1977#primaryimage","url":"https:\/\/www.gitedesreys.fr\/wp-content\/uploads\/2024\/02\/P1160313-scaled.jpg","contentUrl":"https:\/\/www.gitedesreys.fr\/wp-content\/uploads\/2024\/02\/P1160313-scaled.jpg","width":2560,"height":1439},{"@type":"BreadcrumbList","@id":"https:\/\/www.gitedesreys.fr\/?p=1977#breadcrumb","itemListElement":[{"@type":"ListItem","position":1,"name":"Accueil","item":"https:\/\/www.gitedesreys.fr\/"},{"@type":"ListItem","position":2,"name":"Un hiver pour r\u00e9fl\u00e9chir"}]},{"@type":"WebSite","@id":"https:\/\/www.gitedesreys.fr\/#website","url":"https:\/\/www.gitedesreys.fr\/","name":"www.gitedesreys.fr","description":"Un cadre montagnard magique","publisher":{"@id":"https:\/\/www.gitedesreys.fr\/#organization"},"potentialAction":[{"@type":"SearchAction","target":{"@type":"EntryPoint","urlTemplate":"https:\/\/www.gitedesreys.fr\/?s={search_term_string}"},"query-input":{"@type":"PropertyValueSpecification","valueRequired":true,"valueName":"search_term_string"}}],"inLanguage":"fr-FR"},{"@type":"Organization","@id":"https:\/\/www.gitedesreys.fr\/#organization","name":"www.gitedesreys.fr","url":"https:\/\/www.gitedesreys.fr\/","logo":{"@type":"ImageObject","inLanguage":"fr-FR","@id":"https:\/\/www.gitedesreys.fr\/#\/schema\/logo\/image\/","url":"https:\/\/www.gitedesreys.fr\/wp-content\/uploads\/2022\/05\/GiteDesReys2.png","contentUrl":"https:\/\/www.gitedesreys.fr\/wp-content\/uploads\/2022\/05\/GiteDesReys2.png","width":1024,"height":768,"caption":"www.gitedesreys.fr"},"image":{"@id":"https:\/\/www.gitedesreys.fr\/#\/schema\/logo\/image\/"}},{"@type":"Person","@id":"https:\/\/www.gitedesreys.fr\/#\/schema\/person\/cb3cab7762902c1dae237002e295cbd9","name":"admin","image":{"@type":"ImageObject","inLanguage":"fr-FR","@id":"https:\/\/secure.gravatar.com\/avatar\/be48a4a229ff418de201ef46b8a8e1706c8044a02aecf7e28a09689bfb577c0c?s=96&d=mm&r=g","url":"https:\/\/secure.gravatar.com\/avatar\/be48a4a229ff418de201ef46b8a8e1706c8044a02aecf7e28a09689bfb577c0c?s=96&d=mm&r=g","contentUrl":"https:\/\/secure.gravatar.com\/avatar\/be48a4a229ff418de201ef46b8a8e1706c8044a02aecf7e28a09689bfb577c0c?s=96&d=mm&r=g","caption":"admin"},"sameAs":["https:\/\/www.gitedesreys.fr"],"url":"https:\/\/www.gitedesreys.fr\/?author=1"}]}},"_links":{"self":[{"href":"https:\/\/www.gitedesreys.fr\/index.php?rest_route=\/wp\/v2\/posts\/1977","targetHints":{"allow":["GET"]}}],"collection":[{"href":"https:\/\/www.gitedesreys.fr\/index.php?rest_route=\/wp\/v2\/posts"}],"about":[{"href":"https:\/\/www.gitedesreys.fr\/index.php?rest_route=\/wp\/v2\/types\/post"}],"author":[{"embeddable":true,"href":"https:\/\/www.gitedesreys.fr\/index.php?rest_route=\/wp\/v2\/users\/1"}],"replies":[{"embeddable":true,"href":"https:\/\/www.gitedesreys.fr\/index.php?rest_route=%2Fwp%2Fv2%2Fcomments&post=1977"}],"version-history":[{"count":4,"href":"https:\/\/www.gitedesreys.fr\/index.php?rest_route=\/wp\/v2\/posts\/1977\/revisions"}],"predecessor-version":[{"id":2389,"href":"https:\/\/www.gitedesreys.fr\/index.php?rest_route=\/wp\/v2\/posts\/1977\/revisions\/2389"}],"wp:featuredmedia":[{"embeddable":true,"href":"https:\/\/www.gitedesreys.fr\/index.php?rest_route=\/wp\/v2\/media\/1978"}],"wp:attachment":[{"href":"https:\/\/www.gitedesreys.fr\/index.php?rest_route=%2Fwp%2Fv2%2Fmedia&parent=1977"}],"wp:term":[{"taxonomy":"category","embeddable":true,"href":"https:\/\/www.gitedesreys.fr\/index.php?rest_route=%2Fwp%2Fv2%2Fcategories&post=1977"},{"taxonomy":"post_tag","embeddable":true,"href":"https:\/\/www.gitedesreys.fr\/index.php?rest_route=%2Fwp%2Fv2%2Ftags&post=1977"}],"curies":[{"name":"wp","href":"https:\/\/api.w.org\/{rel}","templated":true}]}}