{"id":2140,"date":"2024-12-03T14:27:29","date_gmt":"2024-12-03T14:27:29","guid":{"rendered":"https:\/\/www.gitedesreys.fr\/?p=2140"},"modified":"2024-12-09T15:50:48","modified_gmt":"2024-12-09T15:50:48","slug":"printemps-de-neige-de-pluie-et-de-notes","status":"publish","type":"post","link":"https:\/\/www.gitedesreys.fr\/?p=2140","title":{"rendered":"Printemps de neige, de pluie, et de notes"},"content":{"rendered":"\n<div class=\"wp-block-columns is-layout-flex wp-container-core-columns-is-layout-9d6595d7 wp-block-columns-is-layout-flex\">\n<div class=\"wp-block-column is-layout-flow wp-block-column-is-layout-flow\" style=\"flex-basis:100%\">\n<div class=\"wp-block-group\"><div class=\"wp-block-group__inner-container is-layout-constrained wp-block-group-is-layout-constrained\">\n<div class=\"wp-block-media-text is-stacked-on-mobile\"><figure class=\"wp-block-media-text__media\"><img fetchpriority=\"high\" decoding=\"async\" width=\"575\" height=\"1024\" src=\"https:\/\/www.gitedesreys.fr\/wp-content\/uploads\/2024\/05\/P1160707-575x1024.jpg\" alt=\"\" class=\"wp-image-2142 size-full\" srcset=\"https:\/\/www.gitedesreys.fr\/wp-content\/uploads\/2024\/05\/P1160707-575x1024.jpg 575w, https:\/\/www.gitedesreys.fr\/wp-content\/uploads\/2024\/05\/P1160707-169x300.jpg 169w, https:\/\/www.gitedesreys.fr\/wp-content\/uploads\/2024\/05\/P1160707-768x1367.jpg 768w, https:\/\/www.gitedesreys.fr\/wp-content\/uploads\/2024\/05\/P1160707-863x1536.jpg 863w, https:\/\/www.gitedesreys.fr\/wp-content\/uploads\/2024\/05\/P1160707-1151x2048.jpg 1151w, https:\/\/www.gitedesreys.fr\/wp-content\/uploads\/2024\/05\/P1160707-scaled.jpg 1439w\" sizes=\"(max-width: 575px) 100vw, 575px\" \/><\/figure><div class=\"wp-block-media-text__content\">\n<p><\/p>\n\n\n\n<p><\/p>\n\n\n\n<p>Nos amis en pleine session d&rsquo;enregistrement en famille. Chacun a une \u00ab\u00a0partition\u00a0\u00bb adapt\u00e9 \u00e0 son niveau, y compris les non-musiciens ! Ici, une ligne de basse est jou\u00e9e au piano, pendant que le reste de la famille produit des harmonies vocales \u00e0 trois voix<\/p>\n<\/div><\/div>\n\n\n\n<div class=\"wp-block-columns is-layout-flex wp-container-core-columns-is-layout-9d6595d7 wp-block-columns-is-layout-flex\">\n<div class=\"wp-block-column is-layout-flow wp-block-column-is-layout-flow\" style=\"flex-basis:100%\">\n<figure class=\"wp-block-gallery has-nested-images columns-default is-cropped wp-block-gallery-1 is-layout-flex wp-block-gallery-is-layout-flex\">\n<figure class=\"wp-block-image size-large is-style-default\"><img decoding=\"async\" width=\"1024\" height=\"575\" data-id=\"2145\" src=\"https:\/\/www.gitedesreys.fr\/wp-content\/uploads\/2024\/05\/P1160711-edited-1024x575.jpg\" alt=\"\" class=\"wp-image-2145\" srcset=\"https:\/\/www.gitedesreys.fr\/wp-content\/uploads\/2024\/05\/P1160711-edited-1024x575.jpg 1024w, https:\/\/www.gitedesreys.fr\/wp-content\/uploads\/2024\/05\/P1160711-edited-300x169.jpg 300w, https:\/\/www.gitedesreys.fr\/wp-content\/uploads\/2024\/05\/P1160711-edited-768x432.jpg 768w, https:\/\/www.gitedesreys.fr\/wp-content\/uploads\/2024\/05\/P1160711-edited-1536x863.jpg 1536w, https:\/\/www.gitedesreys.fr\/wp-content\/uploads\/2024\/05\/P1160711-edited-800x450.jpg 800w, https:\/\/www.gitedesreys.fr\/wp-content\/uploads\/2024\/05\/P1160711-edited.jpg 2000w\" sizes=\"(max-width: 1024px) 100vw, 1024px\" \/><\/figure>\n<\/figure>\n\n\n\n<p>Enregistrement par Ambre, qui se remet au violon, d&rsquo;un ostinato en pizzicati, sous contr\u00f4le de son ancienne prof !<\/p>\n<\/div>\n<\/div>\n<\/div><\/div>\n\n\n\n<p><\/p>\n\n\n\n<p>Dehors, la bataille au potager contre les limaces n&rsquo;a pas commenc\u00e9, il fait tellement froid pour un mois de mai que rien ne pousse. Excellente raison pour faire de la musique !<\/p>\n<\/div>\n<\/div>\n\n\n\n<p><\/p>\n","protected":false},"excerpt":{"rendered":"<p>Nos amis en pleine session d&rsquo;enregistrement en famille. Chacun a une \u00ab\u00a0partition\u00a0\u00bb adapt\u00e9 \u00e0 son niveau, y compris les non-musiciens ! Ici, une ligne de basse est jou\u00e9e au piano, pendant que le reste de la famille produit des harmonies vocales \u00e0 trois voix Enregistrement par Ambre, qui se remet au violon, d&rsquo;un ostinato en [&hellip;]<\/p>\n","protected":false},"author":1,"featured_media":2330,"comment_status":"open","ping_status":"open","sticky":false,"template":"","format":"standard","meta":{"ocean_post_layout":"","ocean_both_sidebars_style":"","ocean_both_sidebars_content_width":0,"ocean_both_sidebars_sidebars_width":0,"ocean_sidebar":"","ocean_second_sidebar":"","ocean_disable_margins":"enable","ocean_add_body_class":"","ocean_shortcode_before_top_bar":"","ocean_shortcode_after_top_bar":"","ocean_shortcode_before_header":"","ocean_shortcode_after_header":"","ocean_has_shortcode":"","ocean_shortcode_after_title":"","ocean_shortcode_before_footer_widgets":"","ocean_shortcode_after_footer_widgets":"","ocean_shortcode_before_footer_bottom":"","ocean_shortcode_after_footer_bottom":"","ocean_display_top_bar":"default","ocean_display_header":"default","ocean_header_style":"","ocean_center_header_left_menu":"","ocean_custom_header_template":"","ocean_custom_logo":0,"ocean_custom_retina_logo":0,"ocean_custom_logo_max_width":0,"ocean_custom_logo_tablet_max_width":0,"ocean_custom_logo_mobile_max_width":0,"ocean_custom_logo_max_height":0,"ocean_custom_logo_tablet_max_height":0,"ocean_custom_logo_mobile_max_height":0,"ocean_header_custom_menu":"","ocean_menu_typo_font_family":"","ocean_menu_typo_font_subset":"","ocean_menu_typo_font_size":0,"ocean_menu_typo_font_size_tablet":0,"ocean_menu_typo_font_size_mobile":0,"ocean_menu_typo_font_size_unit":"px","ocean_menu_typo_font_weight":"","ocean_menu_typo_font_weight_tablet":"","ocean_menu_typo_font_weight_mobile":"","ocean_menu_typo_transform":"","ocean_menu_typo_transform_tablet":"","ocean_menu_typo_transform_mobile":"","ocean_menu_typo_line_height":0,"ocean_menu_typo_line_height_tablet":0,"ocean_menu_typo_line_height_mobile":0,"ocean_menu_typo_line_height_unit":"","ocean_menu_typo_spacing":0,"ocean_menu_typo_spacing_tablet":0,"ocean_menu_typo_spacing_mobile":0,"ocean_menu_typo_spacing_unit":"","ocean_menu_link_color":"","ocean_menu_link_color_hover":"","ocean_menu_link_color_active":"","ocean_menu_link_background":"","ocean_menu_link_hover_background":"","ocean_menu_link_active_background":"","ocean_menu_social_links_bg":"","ocean_menu_social_hover_links_bg":"","ocean_menu_social_links_color":"","ocean_menu_social_hover_links_color":"","ocean_disable_title":"default","ocean_disable_heading":"default","ocean_post_title":"","ocean_post_subheading":"","ocean_post_title_style":"","ocean_post_title_background_color":"","ocean_post_title_background":0,"ocean_post_title_bg_image_position":"","ocean_post_title_bg_image_attachment":"","ocean_post_title_bg_image_repeat":"","ocean_post_title_bg_image_size":"","ocean_post_title_height":0,"ocean_post_title_bg_overlay":0.5,"ocean_post_title_bg_overlay_color":"","ocean_disable_breadcrumbs":"default","ocean_breadcrumbs_color":"","ocean_breadcrumbs_separator_color":"","ocean_breadcrumbs_links_color":"","ocean_breadcrumbs_links_hover_color":"","ocean_display_footer_widgets":"default","ocean_display_footer_bottom":"default","ocean_custom_footer_template":"","ocean_post_oembed":"","ocean_post_self_hosted_media":"","ocean_post_video_embed":"","ocean_link_format":"","ocean_link_format_target":"self","ocean_quote_format":"","ocean_quote_format_link":"post","ocean_gallery_link_images":"on","ocean_gallery_id":[],"footnotes":""},"categories":[14],"tags":[],"class_list":["post-2140","post","type-post","status-publish","format-standard","has-post-thumbnail","hentry","category-activites","entry","has-media"],"yoast_head":"<!-- This site is optimized with the Yoast SEO plugin v27.4 - https:\/\/yoast.com\/product\/yoast-seo-wordpress\/ -->\n<title>Printemps de neige, de pluie, et de notes - www.gitedesreys.fr<\/title>\n<meta name=\"robots\" content=\"index, follow, max-snippet:-1, max-image-preview:large, max-video-preview:-1\" \/>\n<link rel=\"canonical\" href=\"https:\/\/www.gitedesreys.fr\/?p=2140\" \/>\n<meta property=\"og:locale\" content=\"fr_FR\" \/>\n<meta property=\"og:type\" content=\"article\" \/>\n<meta property=\"og:title\" content=\"Printemps de neige, de pluie, et de notes - www.gitedesreys.fr\" \/>\n<meta property=\"og:description\" content=\"Nos amis en pleine session d&rsquo;enregistrement en famille. Chacun a une \u00ab\u00a0partition\u00a0\u00bb adapt\u00e9 \u00e0 son niveau, y compris les non-musiciens ! Ici, une ligne de basse est jou\u00e9e au piano, pendant que le reste de la famille produit des harmonies vocales \u00e0 trois voix Enregistrement par Ambre, qui se remet au violon, d&rsquo;un ostinato en [&hellip;]\" \/>\n<meta property=\"og:url\" content=\"https:\/\/www.gitedesreys.fr\/?p=2140\" \/>\n<meta property=\"og:site_name\" content=\"www.gitedesreys.fr\" \/>\n<meta property=\"article:published_time\" content=\"2024-12-03T14:27:29+00:00\" \/>\n<meta property=\"article:modified_time\" content=\"2024-12-09T15:50:48+00:00\" \/>\n<meta property=\"og:image\" content=\"https:\/\/www.gitedesreys.fr\/wp-content\/uploads\/2024\/12\/IMG_20240418_162801-scaled.jpg\" \/>\n\t<meta property=\"og:image:width\" content=\"1920\" \/>\n\t<meta property=\"og:image:height\" content=\"2560\" \/>\n\t<meta property=\"og:image:type\" content=\"image\/jpeg\" \/>\n<meta name=\"author\" content=\"admin\" \/>\n<meta name=\"twitter:card\" content=\"summary_large_image\" \/>\n<meta name=\"twitter:label1\" content=\"\u00c9crit par\" \/>\n\t<meta name=\"twitter:data1\" content=\"admin\" \/>\n\t<meta name=\"twitter:label2\" content=\"Dur\u00e9e de lecture estim\u00e9e\" \/>\n\t<meta name=\"twitter:data2\" content=\"2 minutes\" \/>\n<script type=\"application\/ld+json\" class=\"yoast-schema-graph\">{\"@context\":\"https:\\\/\\\/schema.org\",\"@graph\":[{\"@type\":\"Article\",\"@id\":\"https:\\\/\\\/www.gitedesreys.fr\\\/?p=2140#article\",\"isPartOf\":{\"@id\":\"https:\\\/\\\/www.gitedesreys.fr\\\/?p=2140\"},\"author\":{\"name\":\"admin\",\"@id\":\"https:\\\/\\\/www.gitedesreys.fr\\\/#\\\/schema\\\/person\\\/cb3cab7762902c1dae237002e295cbd9\"},\"headline\":\"Printemps de neige, de pluie, et de notes\",\"datePublished\":\"2024-12-03T14:27:29+00:00\",\"dateModified\":\"2024-12-09T15:50:48+00:00\",\"mainEntityOfPage\":{\"@id\":\"https:\\\/\\\/www.gitedesreys.fr\\\/?p=2140\"},\"wordCount\":100,\"commentCount\":0,\"publisher\":{\"@id\":\"https:\\\/\\\/www.gitedesreys.fr\\\/#organization\"},\"image\":{\"@id\":\"https:\\\/\\\/www.gitedesreys.fr\\\/?p=2140#primaryimage\"},\"thumbnailUrl\":\"https:\\\/\\\/www.gitedesreys.fr\\\/wp-content\\\/uploads\\\/2024\\\/12\\\/IMG_20240418_162801-scaled.jpg\",\"articleSection\":[\"Activit\u00e9s\"],\"inLanguage\":\"fr-FR\",\"potentialAction\":[{\"@type\":\"CommentAction\",\"name\":\"Comment\",\"target\":[\"https:\\\/\\\/www.gitedesreys.fr\\\/?p=2140#respond\"]}]},{\"@type\":\"WebPage\",\"@id\":\"https:\\\/\\\/www.gitedesreys.fr\\\/?p=2140\",\"url\":\"https:\\\/\\\/www.gitedesreys.fr\\\/?p=2140\",\"name\":\"Printemps de neige, de pluie, et de notes - www.gitedesreys.fr\",\"isPartOf\":{\"@id\":\"https:\\\/\\\/www.gitedesreys.fr\\\/#website\"},\"primaryImageOfPage\":{\"@id\":\"https:\\\/\\\/www.gitedesreys.fr\\\/?p=2140#primaryimage\"},\"image\":{\"@id\":\"https:\\\/\\\/www.gitedesreys.fr\\\/?p=2140#primaryimage\"},\"thumbnailUrl\":\"https:\\\/\\\/www.gitedesreys.fr\\\/wp-content\\\/uploads\\\/2024\\\/12\\\/IMG_20240418_162801-scaled.jpg\",\"datePublished\":\"2024-12-03T14:27:29+00:00\",\"dateModified\":\"2024-12-09T15:50:48+00:00\",\"breadcrumb\":{\"@id\":\"https:\\\/\\\/www.gitedesreys.fr\\\/?p=2140#breadcrumb\"},\"inLanguage\":\"fr-FR\",\"potentialAction\":[{\"@type\":\"ReadAction\",\"target\":[\"https:\\\/\\\/www.gitedesreys.fr\\\/?p=2140\"]}]},{\"@type\":\"ImageObject\",\"inLanguage\":\"fr-FR\",\"@id\":\"https:\\\/\\\/www.gitedesreys.fr\\\/?p=2140#primaryimage\",\"url\":\"https:\\\/\\\/www.gitedesreys.fr\\\/wp-content\\\/uploads\\\/2024\\\/12\\\/IMG_20240418_162801-scaled.jpg\",\"contentUrl\":\"https:\\\/\\\/www.gitedesreys.fr\\\/wp-content\\\/uploads\\\/2024\\\/12\\\/IMG_20240418_162801-scaled.jpg\",\"width\":1920,\"height\":2560},{\"@type\":\"BreadcrumbList\",\"@id\":\"https:\\\/\\\/www.gitedesreys.fr\\\/?p=2140#breadcrumb\",\"itemListElement\":[{\"@type\":\"ListItem\",\"position\":1,\"name\":\"Accueil\",\"item\":\"https:\\\/\\\/www.gitedesreys.fr\\\/\"},{\"@type\":\"ListItem\",\"position\":2,\"name\":\"Printemps de neige, de pluie, et de notes\"}]},{\"@type\":\"WebSite\",\"@id\":\"https:\\\/\\\/www.gitedesreys.fr\\\/#website\",\"url\":\"https:\\\/\\\/www.gitedesreys.fr\\\/\",\"name\":\"www.gitedesreys.fr\",\"description\":\"Un cadre montagnard magique\",\"publisher\":{\"@id\":\"https:\\\/\\\/www.gitedesreys.fr\\\/#organization\"},\"potentialAction\":[{\"@type\":\"SearchAction\",\"target\":{\"@type\":\"EntryPoint\",\"urlTemplate\":\"https:\\\/\\\/www.gitedesreys.fr\\\/?s={search_term_string}\"},\"query-input\":{\"@type\":\"PropertyValueSpecification\",\"valueRequired\":true,\"valueName\":\"search_term_string\"}}],\"inLanguage\":\"fr-FR\"},{\"@type\":\"Organization\",\"@id\":\"https:\\\/\\\/www.gitedesreys.fr\\\/#organization\",\"name\":\"www.gitedesreys.fr\",\"url\":\"https:\\\/\\\/www.gitedesreys.fr\\\/\",\"logo\":{\"@type\":\"ImageObject\",\"inLanguage\":\"fr-FR\",\"@id\":\"https:\\\/\\\/www.gitedesreys.fr\\\/#\\\/schema\\\/logo\\\/image\\\/\",\"url\":\"https:\\\/\\\/www.gitedesreys.fr\\\/wp-content\\\/uploads\\\/2022\\\/05\\\/GiteDesReys2.png\",\"contentUrl\":\"https:\\\/\\\/www.gitedesreys.fr\\\/wp-content\\\/uploads\\\/2022\\\/05\\\/GiteDesReys2.png\",\"width\":1024,\"height\":768,\"caption\":\"www.gitedesreys.fr\"},\"image\":{\"@id\":\"https:\\\/\\\/www.gitedesreys.fr\\\/#\\\/schema\\\/logo\\\/image\\\/\"}},{\"@type\":\"Person\",\"@id\":\"https:\\\/\\\/www.gitedesreys.fr\\\/#\\\/schema\\\/person\\\/cb3cab7762902c1dae237002e295cbd9\",\"name\":\"admin\",\"image\":{\"@type\":\"ImageObject\",\"inLanguage\":\"fr-FR\",\"@id\":\"https:\\\/\\\/secure.gravatar.com\\\/avatar\\\/be48a4a229ff418de201ef46b8a8e1706c8044a02aecf7e28a09689bfb577c0c?s=96&d=mm&r=g\",\"url\":\"https:\\\/\\\/secure.gravatar.com\\\/avatar\\\/be48a4a229ff418de201ef46b8a8e1706c8044a02aecf7e28a09689bfb577c0c?s=96&d=mm&r=g\",\"contentUrl\":\"https:\\\/\\\/secure.gravatar.com\\\/avatar\\\/be48a4a229ff418de201ef46b8a8e1706c8044a02aecf7e28a09689bfb577c0c?s=96&d=mm&r=g\",\"caption\":\"admin\"},\"sameAs\":[\"https:\\\/\\\/www.gitedesreys.fr\"],\"url\":\"https:\\\/\\\/www.gitedesreys.fr\\\/?author=1\"}]}<\/script>\n<!-- \/ Yoast SEO plugin. -->","yoast_head_json":{"title":"Printemps de neige, de pluie, et de notes - www.gitedesreys.fr","robots":{"index":"index","follow":"follow","max-snippet":"max-snippet:-1","max-image-preview":"max-image-preview:large","max-video-preview":"max-video-preview:-1"},"canonical":"https:\/\/www.gitedesreys.fr\/?p=2140","og_locale":"fr_FR","og_type":"article","og_title":"Printemps de neige, de pluie, et de notes - www.gitedesreys.fr","og_description":"Nos amis en pleine session d&rsquo;enregistrement en famille. Chacun a une \u00ab\u00a0partition\u00a0\u00bb adapt\u00e9 \u00e0 son niveau, y compris les non-musiciens ! Ici, une ligne de basse est jou\u00e9e au piano, pendant que le reste de la famille produit des harmonies vocales \u00e0 trois voix Enregistrement par Ambre, qui se remet au violon, d&rsquo;un ostinato en [&hellip;]","og_url":"https:\/\/www.gitedesreys.fr\/?p=2140","og_site_name":"www.gitedesreys.fr","article_published_time":"2024-12-03T14:27:29+00:00","article_modified_time":"2024-12-09T15:50:48+00:00","og_image":[{"width":1920,"height":2560,"url":"https:\/\/www.gitedesreys.fr\/wp-content\/uploads\/2024\/12\/IMG_20240418_162801-scaled.jpg","type":"image\/jpeg"}],"author":"admin","twitter_card":"summary_large_image","twitter_misc":{"\u00c9crit par":"admin","Dur\u00e9e de lecture estim\u00e9e":"2 minutes"},"schema":{"@context":"https:\/\/schema.org","@graph":[{"@type":"Article","@id":"https:\/\/www.gitedesreys.fr\/?p=2140#article","isPartOf":{"@id":"https:\/\/www.gitedesreys.fr\/?p=2140"},"author":{"name":"admin","@id":"https:\/\/www.gitedesreys.fr\/#\/schema\/person\/cb3cab7762902c1dae237002e295cbd9"},"headline":"Printemps de neige, de pluie, et de notes","datePublished":"2024-12-03T14:27:29+00:00","dateModified":"2024-12-09T15:50:48+00:00","mainEntityOfPage":{"@id":"https:\/\/www.gitedesreys.fr\/?p=2140"},"wordCount":100,"commentCount":0,"publisher":{"@id":"https:\/\/www.gitedesreys.fr\/#organization"},"image":{"@id":"https:\/\/www.gitedesreys.fr\/?p=2140#primaryimage"},"thumbnailUrl":"https:\/\/www.gitedesreys.fr\/wp-content\/uploads\/2024\/12\/IMG_20240418_162801-scaled.jpg","articleSection":["Activit\u00e9s"],"inLanguage":"fr-FR","potentialAction":[{"@type":"CommentAction","name":"Comment","target":["https:\/\/www.gitedesreys.fr\/?p=2140#respond"]}]},{"@type":"WebPage","@id":"https:\/\/www.gitedesreys.fr\/?p=2140","url":"https:\/\/www.gitedesreys.fr\/?p=2140","name":"Printemps de neige, de pluie, et de notes - www.gitedesreys.fr","isPartOf":{"@id":"https:\/\/www.gitedesreys.fr\/#website"},"primaryImageOfPage":{"@id":"https:\/\/www.gitedesreys.fr\/?p=2140#primaryimage"},"image":{"@id":"https:\/\/www.gitedesreys.fr\/?p=2140#primaryimage"},"thumbnailUrl":"https:\/\/www.gitedesreys.fr\/wp-content\/uploads\/2024\/12\/IMG_20240418_162801-scaled.jpg","datePublished":"2024-12-03T14:27:29+00:00","dateModified":"2024-12-09T15:50:48+00:00","breadcrumb":{"@id":"https:\/\/www.gitedesreys.fr\/?p=2140#breadcrumb"},"inLanguage":"fr-FR","potentialAction":[{"@type":"ReadAction","target":["https:\/\/www.gitedesreys.fr\/?p=2140"]}]},{"@type":"ImageObject","inLanguage":"fr-FR","@id":"https:\/\/www.gitedesreys.fr\/?p=2140#primaryimage","url":"https:\/\/www.gitedesreys.fr\/wp-content\/uploads\/2024\/12\/IMG_20240418_162801-scaled.jpg","contentUrl":"https:\/\/www.gitedesreys.fr\/wp-content\/uploads\/2024\/12\/IMG_20240418_162801-scaled.jpg","width":1920,"height":2560},{"@type":"BreadcrumbList","@id":"https:\/\/www.gitedesreys.fr\/?p=2140#breadcrumb","itemListElement":[{"@type":"ListItem","position":1,"name":"Accueil","item":"https:\/\/www.gitedesreys.fr\/"},{"@type":"ListItem","position":2,"name":"Printemps de neige, de pluie, et de notes"}]},{"@type":"WebSite","@id":"https:\/\/www.gitedesreys.fr\/#website","url":"https:\/\/www.gitedesreys.fr\/","name":"www.gitedesreys.fr","description":"Un cadre montagnard magique","publisher":{"@id":"https:\/\/www.gitedesreys.fr\/#organization"},"potentialAction":[{"@type":"SearchAction","target":{"@type":"EntryPoint","urlTemplate":"https:\/\/www.gitedesreys.fr\/?s={search_term_string}"},"query-input":{"@type":"PropertyValueSpecification","valueRequired":true,"valueName":"search_term_string"}}],"inLanguage":"fr-FR"},{"@type":"Organization","@id":"https:\/\/www.gitedesreys.fr\/#organization","name":"www.gitedesreys.fr","url":"https:\/\/www.gitedesreys.fr\/","logo":{"@type":"ImageObject","inLanguage":"fr-FR","@id":"https:\/\/www.gitedesreys.fr\/#\/schema\/logo\/image\/","url":"https:\/\/www.gitedesreys.fr\/wp-content\/uploads\/2022\/05\/GiteDesReys2.png","contentUrl":"https:\/\/www.gitedesreys.fr\/wp-content\/uploads\/2022\/05\/GiteDesReys2.png","width":1024,"height":768,"caption":"www.gitedesreys.fr"},"image":{"@id":"https:\/\/www.gitedesreys.fr\/#\/schema\/logo\/image\/"}},{"@type":"Person","@id":"https:\/\/www.gitedesreys.fr\/#\/schema\/person\/cb3cab7762902c1dae237002e295cbd9","name":"admin","image":{"@type":"ImageObject","inLanguage":"fr-FR","@id":"https:\/\/secure.gravatar.com\/avatar\/be48a4a229ff418de201ef46b8a8e1706c8044a02aecf7e28a09689bfb577c0c?s=96&d=mm&r=g","url":"https:\/\/secure.gravatar.com\/avatar\/be48a4a229ff418de201ef46b8a8e1706c8044a02aecf7e28a09689bfb577c0c?s=96&d=mm&r=g","contentUrl":"https:\/\/secure.gravatar.com\/avatar\/be48a4a229ff418de201ef46b8a8e1706c8044a02aecf7e28a09689bfb577c0c?s=96&d=mm&r=g","caption":"admin"},"sameAs":["https:\/\/www.gitedesreys.fr"],"url":"https:\/\/www.gitedesreys.fr\/?author=1"}]}},"_links":{"self":[{"href":"https:\/\/www.gitedesreys.fr\/index.php?rest_route=\/wp\/v2\/posts\/2140","targetHints":{"allow":["GET"]}}],"collection":[{"href":"https:\/\/www.gitedesreys.fr\/index.php?rest_route=\/wp\/v2\/posts"}],"about":[{"href":"https:\/\/www.gitedesreys.fr\/index.php?rest_route=\/wp\/v2\/types\/post"}],"author":[{"embeddable":true,"href":"https:\/\/www.gitedesreys.fr\/index.php?rest_route=\/wp\/v2\/users\/1"}],"replies":[{"embeddable":true,"href":"https:\/\/www.gitedesreys.fr\/index.php?rest_route=%2Fwp%2Fv2%2Fcomments&post=2140"}],"version-history":[{"count":4,"href":"https:\/\/www.gitedesreys.fr\/index.php?rest_route=\/wp\/v2\/posts\/2140\/revisions"}],"predecessor-version":[{"id":2201,"href":"https:\/\/www.gitedesreys.fr\/index.php?rest_route=\/wp\/v2\/posts\/2140\/revisions\/2201"}],"wp:featuredmedia":[{"embeddable":true,"href":"https:\/\/www.gitedesreys.fr\/index.php?rest_route=\/wp\/v2\/media\/2330"}],"wp:attachment":[{"href":"https:\/\/www.gitedesreys.fr\/index.php?rest_route=%2Fwp%2Fv2%2Fmedia&parent=2140"}],"wp:term":[{"taxonomy":"category","embeddable":true,"href":"https:\/\/www.gitedesreys.fr\/index.php?rest_route=%2Fwp%2Fv2%2Fcategories&post=2140"},{"taxonomy":"post_tag","embeddable":true,"href":"https:\/\/www.gitedesreys.fr\/index.php?rest_route=%2Fwp%2Fv2%2Ftags&post=2140"}],"curies":[{"name":"wp","href":"https:\/\/api.w.org\/{rel}","templated":true}]}}